{"id":1996,"date":"2024-12-23T13:36:24","date_gmt":"2024-12-23T12:36:24","guid":{"rendered":"https:\/\/schuetzen-ahrem.de\/stjann\/?p=1996"},"modified":"2024-12-23T14:54:44","modified_gmt":"2024-12-23T13:54:44","slug":"weihnachtsgruesse1","status":"publish","type":"post","link":"https:\/\/schuetzen-ahrem.de\/stjann\/medien\/weihnachtsgruesse1\/","title":{"rendered":"Weihnachtsgr\u00fc\u00dfe"},"content":{"rendered":"\n<p><strong>Liebe G\u00e4ste auf unserer Homepage<\/strong>, zum Jahreswechsel danken wir allen Sch\u00fctzen f\u00fcr ihre aktive Teilnahme an den Aktivit\u00e4ten im vergangenen Jahr und f\u00fcr ihre Hilfe bei der Durchf\u00fchrung der einzelnen Veranstaltungen. Durch diese Mithilfe ist es erst m\u00f6glich, die Veranstaltungen, insbesondere unser Sch\u00fctzenfest, zu einem Erfolg werden zu lassen.<\/p>\n\n\n\n<p>Einen besonderen Gru\u00df sende ich auch an unsere passiven Mitglieder, Freunde und G\u00f6nner, bei denen ich mich f\u00fcr ihre enge Verbundenheit mit unserer Sch\u00fctzenbruderschaft ausdr\u00fccklich bedanke.<\/p>\n\n\n\n<p>F\u00fcr das kommende Jahr 2025 wirft ein gro\u00dfes Ereignis bereits seinen Schatten voraus. Denn dann feiert unsere Bruderschaft ihr 100j\u00e4hriges Bestehen, das mit dem Bezirkssch\u00fctzenfest des Bezirksverbandes Erftstadt geb\u00fchrend gefeiert wird. Auch hier hoffen wir wieder auf Ihre Hilfe und Unterst\u00fctzung.<\/p>\n\n\n\n<p>Ich w\u00fcnsche allen frohe Weihnachtsfeiertage sowie ein erfolgreiches und vor allem gesundes neues Jahr 2025.<\/p>\n\n\n\n<p>Mit einem freundlichen Sch\u00fctzengru\u00df<br>Ihre St. Johannes Sch\u00fctzenbruderschaft Ahrem 1925 e.V. <br><strong>Hans Peter Zilleken <\/strong><br>-Pr\u00e4sident-<\/p>\n","protected":false},"excerpt":{"rendered":"<p>Liebe G\u00e4ste auf unserer Homepage, zum Jahreswechsel danken wir allen Sch\u00fctzen f\u00fcr ihre aktive Teilnahme an den Aktivit\u00e4ten im vergangenen Jahr und f\u00fcr ihre Hilfe bei der Durchf\u00fchrung der einzelnen&#8230;<\/p>\n","protected":false},"author":7,"featured_media":1997,"comment_status":"closed","ping_status":"open","sticky":false,"template":"","format":"standard","meta":{"pgc_sgb_lightbox_settings":"","footnotes":""},"categories":[1],"tags":[],"class_list":["post-1996","post","type-post","status-publish","format-standard","has-post-thumbnail","hentry","category-allgemein"],"_links":{"self":[{"href":"https:\/\/schuetzen-ahrem.de\/stjann\/wp-json\/wp\/v2\/posts\/1996","targetHints":{"allow":["GET"]}}],"collection":[{"href":"https:\/\/schuetzen-ahrem.de\/stjann\/wp-json\/wp\/v2\/posts"}],"about":[{"href":"https:\/\/schuetzen-ahrem.de\/stjann\/wp-json\/wp\/v2\/types\/post"}],"author":[{"embeddable":true,"href":"https:\/\/schuetzen-ahrem.de\/stjann\/wp-json\/wp\/v2\/users\/7"}],"replies":[{"embeddable":true,"href":"https:\/\/schuetzen-ahrem.de\/stjann\/wp-json\/wp\/v2\/comments?post=1996"}],"version-history":[{"count":4,"href":"https:\/\/schuetzen-ahrem.de\/stjann\/wp-json\/wp\/v2\/posts\/1996\/revisions"}],"predecessor-version":[{"id":2005,"href":"https:\/\/schuetzen-ahrem.de\/stjann\/wp-json\/wp\/v2\/posts\/1996\/revisions\/2005"}],"wp:featuredmedia":[{"embeddable":true,"href":"https:\/\/schuetzen-ahrem.de\/stjann\/wp-json\/wp\/v2\/media\/1997"}],"wp:attachment":[{"href":"https:\/\/schuetzen-ahrem.de\/stjann\/wp-json\/wp\/v2\/media?parent=1996"}],"wp:term":[{"taxonomy":"category","embeddable":true,"href":"https:\/\/schuetzen-ahrem.de\/stjann\/wp-json\/wp\/v2\/categories?post=1996"},{"taxonomy":"post_tag","embeddable":true,"href":"https:\/\/schuetzen-ahrem.de\/stjann\/wp-json\/wp\/v2\/tags?post=1996"}],"curies":[{"name":"wp","href":"https:\/\/api.w.org\/{rel}","templated":true}]}}